{"id":822,"date":"2024-10-28T11:22:59","date_gmt":"2024-10-28T17:22:59","guid":{"rendered":"https:\/\/ciudadesytransporte.mx\/ruta-urbana\/?p=822"},"modified":"2024-12-13T12:28:39","modified_gmt":"2024-12-13T18:28:39","slug":"marc-jacob","status":"publish","type":"post","link":"https:\/\/ciudadesytransporte.mx\/ruta-urbana\/marc-jacob\/","title":{"rendered":"Marc Jacob\u00a0"},"content":{"rendered":"\n<p><strong>Organizaci\u00f3n:<\/strong><br>Nommon&nbsp;<\/p>\n\n\n\n<p><strong>Rubros de conocimiento:<\/strong><br>Movilidad, Planeaci\u00f3n y optimizaci\u00f3n del transporte, Pol\u00edtica p\u00fablica<\/p>\n\n\n\n<figure class=\"wp-block-image size-full is-resized\"><a href=\"https:\/\/www.linkedin.com\/in\/marc-jacob-garc%C3%ADa\/\" target=\"_blank\" rel=\"noreferrer noopener\"><img loading=\"lazy\" decoding=\"async\" width=\"50\" height=\"50\" src=\"https:\/\/ciudadesytransporte.mx\/ruta-urbana\/wp-content\/uploads\/2024\/10\/linkedin-icono.jpg\" alt=\"\" class=\"wp-image-804\" style=\"width:30px\"\/><\/a><\/figure>\n","protected":false},"excerpt":{"rendered":"<p>Organizaci\u00f3n:Nommon&nbsp; Rubros de conocimiento:Movilidad, Planeaci\u00f3n y optimizaci\u00f3n del transporte, Pol\u00edtica p\u00fablica<\/p>\n","protected":false},"author":1,"featured_media":0,"comment_status":"open","ping_status":"open","sticky":false,"template":"","format":"standard","meta":{"inline_featured_image":false,"footnotes":""},"categories":[3],"tags":[],"class_list":["post-822","post","type-post","status-publish","format-standard","hentry","category-ponentes"],"acf":[],"_links":{"self":[{"href":"https:\/\/ciudadesytransporte.mx\/ruta-urbana\/wp-json\/wp\/v2\/posts\/822","targetHints":{"allow":["GET"]}}],"collection":[{"href":"https:\/\/ciudadesytransporte.mx\/ruta-urbana\/wp-json\/wp\/v2\/posts"}],"about":[{"href":"https:\/\/ciudadesytransporte.mx\/ruta-urbana\/wp-json\/wp\/v2\/types\/post"}],"author":[{"embeddable":true,"href":"https:\/\/ciudadesytransporte.mx\/ruta-urbana\/wp-json\/wp\/v2\/users\/1"}],"replies":[{"embeddable":true,"href":"https:\/\/ciudadesytransporte.mx\/ruta-urbana\/wp-json\/wp\/v2\/comments?post=822"}],"version-history":[{"count":4,"href":"https:\/\/ciudadesytransporte.mx\/ruta-urbana\/wp-json\/wp\/v2\/posts\/822\/revisions"}],"predecessor-version":[{"id":940,"href":"https:\/\/ciudadesytransporte.mx\/ruta-urbana\/wp-json\/wp\/v2\/posts\/822\/revisions\/940"}],"wp:attachment":[{"href":"https:\/\/ciudadesytransporte.mx\/ruta-urbana\/wp-json\/wp\/v2\/media?parent=822"}],"wp:term":[{"taxonomy":"category","embeddable":true,"href":"https:\/\/ciudadesytransporte.mx\/ruta-urbana\/wp-json\/wp\/v2\/categories?post=822"},{"taxonomy":"post_tag","embeddable":true,"href":"https:\/\/ciudadesytransporte.mx\/ruta-urbana\/wp-json\/wp\/v2\/tags?post=822"}],"curies":[{"name":"wp","href":"https:\/\/api.w.org\/{rel}","templated":true}]}}