{"id":357,"date":"2022-11-15T16:08:26","date_gmt":"2022-11-15T22:08:26","guid":{"rendered":"https:\/\/ciudadesytransporte.mx\/encuentro\/?p=357"},"modified":"2022-11-15T16:09:03","modified_gmt":"2022-11-15T22:09:03","slug":"este-martes-8-de-noviembre-inicio-el-encuentro-de-ciudades-sostenibles","status":"publish","type":"post","link":"https:\/\/ciudadesytransporte.mx\/encuentro-ciudades-sostenibles-2022\/este-martes-8-de-noviembre-inicio-el-encuentro-de-ciudades-sostenibles\/","title":{"rendered":"Este martes 8 de noviembre inici\u00f3 el Encuentro de Ciudades Sostenibles"},"content":{"rendered":"\n<p>Un espacio de di\u00e1logo e intercambio de experiencias y casos de \u00e9xito sobre desarrollo urbano, reducci\u00f3n de contaminantes, movilidad urbana sustentable, gesti\u00f3n de residuos pl\u00e1sticos y acciones clim\u00e1ticas para promover la integraci\u00f3n de la biodiversidad y servicios ecosist\u00e9micos en las ciudades, desde la perspectiva local a nacional.<\/p>\n","protected":false},"excerpt":{"rendered":"<p>Un espacio de di\u00e1logo e intercambio de experiencias y casos de \u00e9xito sobre desarrollo urbano, reducci\u00f3n de contaminantes, movilidad urbana sustentable, gesti\u00f3n de residuos pl\u00e1sticos y acciones clim\u00e1ticas para promover la integraci\u00f3n de la biodiversidad y servicios ecosist\u00e9micos en las ciudades, desde la perspectiva local a nacional.<\/p>\n","protected":false},"author":1,"featured_media":0,"comment_status":"open","ping_status":"open","sticky":false,"template":"","format":"standard","meta":{"inline_featured_image":false,"footnotes":""},"categories":[8],"tags":[],"class_list":["post-357","post","type-post","status-publish","format-standard","hentry","category-documentos"],"acf":[],"_links":{"self":[{"href":"https:\/\/ciudadesytransporte.mx\/encuentro-ciudades-sostenibles-2022\/wp-json\/wp\/v2\/posts\/357","targetHints":{"allow":["GET"]}}],"collection":[{"href":"https:\/\/ciudadesytransporte.mx\/encuentro-ciudades-sostenibles-2022\/wp-json\/wp\/v2\/posts"}],"about":[{"href":"https:\/\/ciudadesytransporte.mx\/encuentro-ciudades-sostenibles-2022\/wp-json\/wp\/v2\/types\/post"}],"author":[{"embeddable":true,"href":"https:\/\/ciudadesytransporte.mx\/encuentro-ciudades-sostenibles-2022\/wp-json\/wp\/v2\/users\/1"}],"replies":[{"embeddable":true,"href":"https:\/\/ciudadesytransporte.mx\/encuentro-ciudades-sostenibles-2022\/wp-json\/wp\/v2\/comments?post=357"}],"version-history":[{"count":4,"href":"https:\/\/ciudadesytransporte.mx\/encuentro-ciudades-sostenibles-2022\/wp-json\/wp\/v2\/posts\/357\/revisions"}],"predecessor-version":[{"id":361,"href":"https:\/\/ciudadesytransporte.mx\/encuentro-ciudades-sostenibles-2022\/wp-json\/wp\/v2\/posts\/357\/revisions\/361"}],"wp:attachment":[{"href":"https:\/\/ciudadesytransporte.mx\/encuentro-ciudades-sostenibles-2022\/wp-json\/wp\/v2\/media?parent=357"}],"wp:term":[{"taxonomy":"category","embeddable":true,"href":"https:\/\/ciudadesytransporte.mx\/encuentro-ciudades-sostenibles-2022\/wp-json\/wp\/v2\/categories?post=357"},{"taxonomy":"post_tag","embeddable":true,"href":"https:\/\/ciudadesytransporte.mx\/encuentro-ciudades-sostenibles-2022\/wp-json\/wp\/v2\/tags?post=357"}],"curies":[{"name":"wp","href":"https:\/\/api.w.org\/{rel}","templated":true}]}}